{"id":495,"date":"2025-03-05T07:12:10","date_gmt":"2025-03-05T07:12:10","guid":{"rendered":"https:\/\/anordinaryhuman.com\/?p=495"},"modified":"2026-04-03T19:17:08","modified_gmt":"2026-04-03T19:17:08","slug":"o-meu-coracao-portugues","status":"publish","type":"post","link":"https:\/\/anordinaryhuman.com\/index.php\/2025\/03\/05\/o-meu-coracao-portugues\/","title":{"rendered":"O meu cora\u00e7\u00e3o portugu\u00eas"},"content":{"rendered":"<div class=\"wp-block-image\">\n<figure class=\"alignright size-large is-resized\"><img fetchpriority=\"high\" decoding=\"async\" width=\"711\" height=\"1024\" src=\"https:\/\/anordinaryhuman.com\/wp-content\/uploads\/2025\/03\/Viana-711x1024.jpg\" alt=\"Cora\u00e7\u00e3o de Viana\" class=\"wp-image-616\" style=\"width:140px;height:auto\" title=\"Cora\u00e7\u00e3o de Viana\" srcset=\"https:\/\/anordinaryhuman.com\/wp-content\/uploads\/2025\/03\/Viana-711x1024.jpg 711w, https:\/\/anordinaryhuman.com\/wp-content\/uploads\/2025\/03\/Viana-208x300.jpg 208w, https:\/\/anordinaryhuman.com\/wp-content\/uploads\/2025\/03\/Viana-768x1107.jpg 768w, https:\/\/anordinaryhuman.com\/wp-content\/uploads\/2025\/03\/Viana-1066x1536.jpg 1066w, https:\/\/anordinaryhuman.com\/wp-content\/uploads\/2025\/03\/Viana.jpg 1302w\" sizes=\"(max-width: 711px) 100vw, 711px\" \/><\/figure><\/div>\n\n\n<p>In January, I started a 150 hour online course to learn Portuguese to A2 level. It\u2019s the final step in a citizenship program that we enrolled in as a family several years back, as part of an effort to mitigate some of the risks we face in South Africa and to broaden the options and horizons for Meg &amp; Sam, now 21. I\u2019d actually booked to sit the CIPLE exam in Maputo in November, but that got cancelled at the last minute due to the political instability in Mozambique.<\/p>\n\n\n\n<p>This course involves four 4 hour classes from Monday to Thursday every week for about ten weeks. It\u2019s a group class on a zoom-like platform, and to be honest, when I booked myself onto it, I saw it much as one would a chore or something to be endured. As it turned out though, I couldn\u2019t have been more mistaken.<\/p>\n\n\n\n<p>I see teaching is one of life\u2019s wonderful asymmetries &#8211; so much more is gained by the students in a group class than what the teacher gives. When you have a gifted and passionate teacher, as our professora Joana is, the asymmetry is amplified further, and I\u2019ve found myself looking forward to the classes every day and especially the last part of the class where we usually take a break from all the <em>palavras, gram\u00e1tica e verbos<\/em>, to delve into Portuguese culture and history, and what it means to be Portuguese.<\/p>\n\n\n\n<p>In these parts of the class, we\u2019ve meandered through so many topics, from Portuguese filigrana, futebol, fado, and Fatima, to some of the wonderful poems of <a data-type=\"page\" data-id=\"587\" href=\"https:\/\/anordinaryhuman.com\/index.php\/587-2\/\">Cam\u00f5es<\/a> and <a data-type=\"page\" data-id=\"583\" href=\"https:\/\/anordinaryhuman.com\/index.php\/o-mar-salgado\/\">Fernando Pessoa<\/a>, the lost king Dom Sebasti\u00e3o, and the heroes of the sea who fearlessly set out to discover the world more than half a millennium ago. I never knew that <em>saudade &#8211; <\/em>a sense of nostalgia and longing &#8211; was so central to and deeply engrained in Portuguese ethos; this feeling that they have fallen and been humbled since the glory days, and still today dreaming of the misty day when Dom Sebasti\u00e3o will return. Of all I\u2019ve learned about the Portuguese, I love this the most.<\/p>\n\n\n\n<p>Isn\u2019t it such a metaphor for many of our lives? For anyone who is even remotely self-analytical and introspective, the bravado and certainty of youth will gradually give way to a more measured and humbled view of ourselves and those around us as life schools us with its many lessons. The more crushing the experience or the deeper the cut, the more acute the lesson, and, if we let ourselves survive and not become embittered, we come out of it more humble and in touch with our humanity than before. Sometimes it seems to me that it\u2019s only through heartbreak and devastation that the most precious seeds in our hearts can take root and flourish as our struggles and suffering define and refine us. We may end up looking back fondly on the heady days of youth when everything was so simple, but who would really want to return when our lives now are so much more grounded and rich than before?<\/p>\n\n\n\n<blockquote class=\"wp-block-quote is-layout-flow wp-block-quote-is-layout-flow\">\n<p>Valeu&nbsp;a&nbsp;pena?&nbsp;Tudo&nbsp;vale&nbsp;a&nbsp;pena<span class=\"sub\">&nbsp;&nbsp;&nbsp;&nbsp;Was it worth it?  Everything is worth it<\/span><br>Se&nbsp;a&nbsp;alma&nbsp;n\u00e3o&nbsp;\u00e9&nbsp;pequena.<span class=\"sub\">&nbsp;&nbsp;&nbsp;&nbsp;If the soul is not small.<\/span><\/p>\n<\/blockquote>\n\n\n\n<p>But there\u2019s a broader metaphor that I can\u2019t help myself seeing, in that like the Portuguese, we humans are ourselves fallen beings. I don\u2019t know about original sin and the serpent in the garden, but I do know that the knowledge of good and evil, however we got it, broke us as beings because it became impossible for any honest person to live up to the notion of perfect goodness that we were given at the same time. Even if we see ourselves as living perfectly good lives in our bubbles for example, Peter Singer\u2019s seminal 1971 essay on famine, affluence and morality showed that everyone who has more than they need in a connected world is complicit to some degree when there are people starving. In a sense, I think this is why the Portuguese notion that it\u2019s good to be poor, resonates so readily &#8211;&nbsp; the poor don\u2019t carry the hidden burden of affluence in a broken world.<\/p>\n\n\n\n<p>That this and other moral conundrums we face are impossible to solve is the whole point &#8211; we are not capable of our own salvation. Try as we may and should, we will always fall short, as true perfection and goodness are beyond us. In the end, anyone who believes that our lives amount to something more than molecular biology has little alternative but to also believe in the necessity of grace and redemption. That like the Portuguese dreaming that Dom Sebasti\u00e3o will return to redeem them, we too need a Great Redeemer and to know that despite our faults and fallen state, we are worthy of redemption.<\/p>\n\n\n\n<p>So as the course draws to an end I\u2019m left with a tinge of sadness and I know in time I will look back on it with a small sense of saudade. I came for the language but really learned how much I have in common with the people of Portugal. I\u2019m not sure whether I\u2019ll ever truly master Portuguese, but I do know that the words <em>garagem<\/em> and <em>vizinha<\/em> will remain forever tainted for me, and if there\u2019s one noun I\u2019ll never forget, it\u2019s what the Portuguese call a ladybird &#8211; a Joaninha.<\/p>\n\n\n\n<p><\/p>\n\n\n\n<div class=\"wp-block-columns is-layout-flex wp-container-core-columns-is-layout-1 wp-block-columns-is-layout-flex\">\n<div class=\"wp-block-column is-layout-flow wp-block-column-is-layout-flow\" style=\"flex-basis:10%\"><\/div>\n\n\n\n<div class=\"wp-block-column is-layout-flow wp-block-column-is-layout-flow\">\n<figure class=\"wp-block-video\"><video controls src=\"https:\/\/anordinaryhuman.com\/wp-content\/uploads\/2025\/03\/Mariza.mov\"><\/video><\/figure>\n<\/div>\n\n\n\n<div class=\"wp-block-column is-layout-flow wp-block-column-is-layout-flow\" style=\"flex-basis:10%\"><\/div>\n<\/div>\n\n\n<div class=\"wp-block-image\">\n<figure class=\"alignright size-large is-resized\"><img decoding=\"async\" src=\"https:\/\/anordinaryhuman.com\/wp-content\/uploads\/2025\/02\/16-683x1024.jpg\" alt=\"\" class=\"wp-image-545\" style=\"width:0px\"\/><\/figure><\/div>\n\n\n<p><\/p>\n","protected":false},"excerpt":{"rendered":"<p>In January, I started a 150 hour online course to learn Portuguese to A2 level. It\u2019s the final step in a citizenship program that we enrolled in as a family several years back, as part of an effort to mitigate some of the risks we face in South Africa and to broaden the options and<a class=\"read-more \" href=\"https:\/\/anordinaryhuman.com\/index.php\/2025\/03\/05\/o-meu-coracao-portugues\/\" title=\"Read More\"> <span class=\"button default\">Read More<\/span><\/a><\/p>\n","protected":false},"author":1,"featured_media":0,"comment_status":"open","ping_status":"open","sticky":false,"template":"","format":"standard","meta":{"_monsterinsights_skip_tracking":false,"_monsterinsights_sitenote_active":false,"_monsterinsights_sitenote_note":"","_monsterinsights_sitenote_category":0,"footnotes":""},"categories":[1],"tags":[],"class_list":["post-495","post","type-post","status-publish","format-standard","hentry","category-uncategorized"],"_links":{"self":[{"href":"https:\/\/anordinaryhuman.com\/index.php\/wp-json\/wp\/v2\/posts\/495","targetHints":{"allow":["GET"]}}],"collection":[{"href":"https:\/\/anordinaryhuman.com\/index.php\/wp-json\/wp\/v2\/posts"}],"about":[{"href":"https:\/\/anordinaryhuman.com\/index.php\/wp-json\/wp\/v2\/types\/post"}],"author":[{"embeddable":true,"href":"https:\/\/anordinaryhuman.com\/index.php\/wp-json\/wp\/v2\/users\/1"}],"replies":[{"embeddable":true,"href":"https:\/\/anordinaryhuman.com\/index.php\/wp-json\/wp\/v2\/comments?post=495"}],"version-history":[{"count":62,"href":"https:\/\/anordinaryhuman.com\/index.php\/wp-json\/wp\/v2\/posts\/495\/revisions"}],"predecessor-version":[{"id":741,"href":"https:\/\/anordinaryhuman.com\/index.php\/wp-json\/wp\/v2\/posts\/495\/revisions\/741"}],"wp:attachment":[{"href":"https:\/\/anordinaryhuman.com\/index.php\/wp-json\/wp\/v2\/media?parent=495"}],"wp:term":[{"taxonomy":"category","embeddable":true,"href":"https:\/\/anordinaryhuman.com\/index.php\/wp-json\/wp\/v2\/categories?post=495"},{"taxonomy":"post_tag","embeddable":true,"href":"https:\/\/anordinaryhuman.com\/index.php\/wp-json\/wp\/v2\/tags?post=495"}],"curies":[{"name":"wp","href":"https:\/\/api.w.org\/{rel}","templated":true}]}}